{"id":1565,"date":"2026-08-16T13:36:54","date_gmt":"2026-08-16T11:36:54","guid":{"rendered":"https:\/\/colchonesybases.com\/?page_id=1565"},"modified":"2026-08-29T16:23:46","modified_gmt":"2026-08-29T14:23:46","slug":"colchon-flex-nube","status":"publish","type":"post","link":"https:\/\/colchonesybases.com\/en\/productos\/colchones\/colchon-flex-nube\/","title":{"rendered":"Colch\u00f3n Nube"},"content":{"rendered":"<p class=\"wp-block-paragraph\"><\/p>\n\n\n\n<div class=\"wp-block-uagb-container uagb-block-5b5934ad alignfull uagb-is-root-container\"><div class=\"uagb-container-inner-blocks-wrap\">\n<div class=\"wp-block-uagb-container uagb-block-d604a6ce\">\n<div class=\"wp-block-uagb-slider uagb-block-4de02c3d uagb-slider-container\"><div class=\"uagb-slides uagb-swiper\"><div class=\"swiper-wrapper\">\n<div class=\"wp-block-uagb-slider-child uagb-slider-child-wrap swiper-slide uagb-block-c6767f59\"><div class=\"swiper-content\">\n<div class=\"wp-block-uagb-image uagb-block-016a6497 wp-block-uagb-image--layout-default wp-block-uagb-image--effect-static wp-block-uagb-image--align-none\"><figure class=\"wp-block-uagb-image__figure\"><img decoding=\"async\" src=\"https:\/\/colchonesybases.com\/wp-content\/uploads\/2024\/07\/colchon-flex-nube-visco-izquierda.jpg\" alt=\"Colch\u00f3n Nube Visco de Flex, vista lateral\" class=\"uag-image-1256\" width=\"887\" height=\"618\" title=\"Colch\u00f3n Nube Visco de Flex\" loading=\"lazy\" role=\"img\" \/><\/figure><\/div>\n<\/div><\/div>\n\n\n\n<div class=\"wp-block-uagb-slider-child uagb-slider-child-wrap swiper-slide uagb-block-64c520d6\"><div class=\"swiper-content\">\n<div class=\"wp-block-uagb-image uagb-block-2493e405 wp-block-uagb-image--layout-default wp-block-uagb-image--effect-static wp-block-uagb-image--align-none\"><figure class=\"wp-block-uagb-image__figure\"><img decoding=\"async\" src=\"https:\/\/colchonesybases.com\/wp-content\/uploads\/2024\/07\/colchon-flex-nube-visco-corte.jpg\" alt=\"Colch\u00f3n Nube Visco de Flex, corte con detalle de las capas\" class=\"uag-image-1255\" width=\"887\" height=\"618\" title=\"Colch\u00f3n Nube Visco de Flex, corte con detalle de las capas\" loading=\"lazy\" role=\"img\" \/><\/figure><\/div>\n<\/div><\/div>\n\n\n\n<div class=\"wp-block-uagb-slider-child uagb-slider-child-wrap swiper-slide uagb-block-36815b94\"><div class=\"swiper-content\">\n<div class=\"wp-block-uagb-image uagb-block-7f4c5ed9 wp-block-uagb-image--layout-default wp-block-uagb-image--effect-static wp-block-uagb-image--align-none\"><figure class=\"wp-block-uagb-image__figure\"><img decoding=\"async\" src=\"https:\/\/colchonesybases.com\/wp-content\/uploads\/2024\/07\/colchon-flex-nube-visco-arcon-abatible.jpg\" alt=\"Colch\u00f3n Nube Visco de Flex, sobre arc\u00f3n abatible\" class=\"uag-image-1254\" width=\"887\" height=\"618\" title=\"Colch\u00f3n Nube Visco de Flex, sobre arc\u00f3n abatible\" loading=\"lazy\" role=\"img\" \/><\/figure><\/div>\n<\/div><\/div>\n\n\n\n<div class=\"wp-block-uagb-slider-child uagb-slider-child-wrap swiper-slide uagb-block-9c85d6f4\"><div class=\"swiper-content\">\n<div class=\"wp-block-uagb-image uagb-block-1bb4d098 wp-block-uagb-image--layout-default wp-block-uagb-image--effect-static wp-block-uagb-image--align-none\"><figure class=\"wp-block-uagb-image__figure\"><img decoding=\"async\" src=\"https:\/\/colchonesybases.com\/wp-content\/uploads\/2024\/07\/colchon-flex-nube-visco-derecha.jpg\" alt=\"Colch\u00f3n Nube Visco de Flex, vista lateral\" class=\"uag-image-1253\" width=\"887\" height=\"618\" title=\"Colch\u00f3n Nube Visco de Flex, vista lateral\" loading=\"lazy\" role=\"img\" \/><\/figure><\/div>\n<\/div><\/div>\n\n\n\n<div class=\"wp-block-uagb-slider-child uagb-slider-child-wrap swiper-slide uagb-block-b08534d0\"><div class=\"swiper-content\">\n<div class=\"wp-block-uagb-image uagb-block-c729caf2 wp-block-uagb-image--layout-default wp-block-uagb-image--effect-static wp-block-uagb-image--align-none\"><figure class=\"wp-block-uagb-image__figure\"><img decoding=\"async\" src=\"https:\/\/colchonesybases.com\/wp-content\/uploads\/2024\/07\/colchon-flex-nube-visco-detalle.jpg\" alt=\"Colch\u00f3n Nube Visco de Flex, detalle de la tela\" class=\"uag-image-1252\" width=\"887\" height=\"618\" title=\"Colch\u00f3n Nube Visco de Flex, detalle de la tela\" loading=\"lazy\" role=\"img\" \/><\/figure><\/div>\n<\/div><\/div>\n\n\n\n<div class=\"wp-block-uagb-slider-child uagb-slider-child-wrap swiper-slide uagb-block-2b529b61\"><div class=\"swiper-content\">\n<div class=\"wp-block-uagb-image uagb-block-7e126eae wp-block-uagb-image--layout-default wp-block-uagb-image--effect-static wp-block-uagb-image--align-none\"><figure class=\"wp-block-uagb-image__figure\"><img decoding=\"async\" src=\"https:\/\/colchonesybases.com\/wp-content\/uploads\/2024\/07\/colchon-flex-nube-visco-lateral.jpg\" alt=\"Colch\u00f3n Nube Visco de Flex, detalle de la banda lateral\" class=\"uag-image-1251\" width=\"887\" height=\"618\" title=\"Colch\u00f3n Nube Visco de Flex, detalle de la banda lateral\" loading=\"lazy\" role=\"img\" \/><\/figure><\/div>\n<\/div><\/div>\n<\/div><\/div><div class=\"swiper-pagination\"><\/div><div class=\"swiper-button-prev\"><\/div><div class=\"swiper-button-next\"><\/div><\/div>\n<\/div>\n\n\n\n<div class=\"wp-block-uagb-container uagb-layout-flex uagb-block-0cbea5a8\">\n<div class=\"wp-block-uagb-container uagb-block-383f77f0 alignfull uagb-is-root-container\"><div class=\"uagb-container-inner-blocks-wrap\">\n<h1 class=\"wp-block-heading\">Colch\u00f3n Nube<\/h1>\n\n\n\n<p class=\"wp-block-paragraph\"><mark style=\"background-color:var(--ast-global-color-0)\" class=\"has-inline-color has-ast-global-color-4-color\">M\u00e1s vendido <\/mark><br><s>904,00\u00a0\u20ac<\/s><\/p>\n\n\n\n<h3 class=\"wp-block-heading\">Desde 379,00 \u20ac<\/h3>\n\n\n\n<div class=\"wp-block-uagb-star-rating uagb-block-b0af9ee4\"><p class=\"uag-star-rating__title\">Firmeza<\/p><div class=\"uag-star-rating\" title=\"7\/10\"><span class=\"uag-star\">\u2605<\/span><span class=\"uag-star\">\u2605<\/span><span class=\"uag-star\">\u2605<\/span><span class=\"uag-star\">\u2605<\/span><span class=\"uag-star\">\u2605<\/span><span class=\"uag-star\">\u2605<\/span><span class=\"uag-star\">\u2605<\/span><span class=\"uag-star\">\u2605<\/span><span class=\"uag-star\">\u2605<\/span><span class=\"uag-star\">\u2605<\/span><\/div><\/div>\n\n\n\n<div class=\"wp-block-uagb-star-rating uagb-block-5d331339\"><p class=\"uag-star-rating__title\">Adaptabilidad<\/p><div class=\"uag-star-rating\" title=\"7\/10\"><span class=\"uag-star\">\u2605<\/span><span class=\"uag-star\">\u2605<\/span><span class=\"uag-star\">\u2605<\/span><span class=\"uag-star\">\u2605<\/span><span class=\"uag-star\">\u2605<\/span><span class=\"uag-star\">\u2605<\/span><span class=\"uag-star\">\u2605<\/span><span class=\"uag-star\">\u2605<\/span><span class=\"uag-star\">\u2605<\/span><span class=\"uag-star\">\u2605<\/span><\/div><\/div>\n\n\n\n<div class=\"wp-block-uagb-star-rating uagb-block-1243912f\"><p class=\"uag-star-rating__title\">Transpirabilidad<\/p><div class=\"uag-star-rating\" title=\"7\/10\"><span class=\"uag-star\">\u2605<\/span><span class=\"uag-star\">\u2605<\/span><span class=\"uag-star\">\u2605<\/span><span class=\"uag-star\">\u2605<\/span><span class=\"uag-star\">\u2605<\/span><span class=\"uag-star\">\u2605<\/span><span class=\"uag-star\">\u2605<\/span><span class=\"uag-star\">\u2605<\/span><span class=\"uag-star\">\u2605<\/span><span class=\"uag-star\">\u2605<\/span><\/div><\/div>\n<\/div><\/div>\n\n\n\n<div class=\"wp-block-uagb-container uagb-block-f748a051\">\n<p class=\"wp-block-paragraph\">\ud83d\udca1 La mejor opci\u00f3n para personas de cualquier peso y complexi\u00f3n a las que les gusta sentir un apoyo firme pero acogedor. Gracias a sus muelles ensacados Pocket Premium\u00ae y el sistema Commodo+, este colch\u00f3n ofrece una firmeza progresiva y una excelente transpirabilidad, asegurando un sue\u00f1o c\u00f3modo y seco.<\/p>\n<\/div>\n<\/div>\n<\/div><\/div>\n\n\n\n<div class=\"wp-block-uagb-buttons uagb-buttons__outer-wrap uagb-btn__default-btn uagb-btn-tablet__default-btn uagb-btn-mobile__default-btn uagb-block-985982f8\"><div class=\"uagb-buttons__wrap uagb-buttons-layout-wrap\">\n<div class=\"wp-block-uagb-buttons-child uagb-buttons__outer-wrap uagb-block-7200c93b wp-block-button\"><div class=\"uagb-button__wrapper\"><a class=\"uagb-buttons-repeater wp-block-button__link\" aria-label=\"\" href=\"https:\/\/colchonesybases.com\/en\/#contacto\" rel=\"follow noopener\" target=\"_self\" role=\"button\"><div class=\"uagb-button__link\">Vaya&#8230; \u00a1Me interesa!<\/div><\/a><\/div><\/div>\n<\/div><\/div>\n\n\n\n<div class=\"wp-block-uagb-container uagb-block-85f44a51 alignfull uagb-is-root-container\"><div class=\"uagb-container-inner-blocks-wrap\">\n<h2 class=\"wp-block-heading\">\u00bfPor qu\u00e9 comprar el&nbsp;<strong>Colch\u00f3n Nube<\/strong>?<\/h2>\n\n\n\n<h3 class=\"wp-block-heading\">El colch\u00f3n Nube de Flex<\/h3>\n\n\n\n<p class=\"wp-block-paragraph\">El<strong>&nbsp;colch\u00f3n de muelles Nube<\/strong>&nbsp;pertenece a nuestra&nbsp;<strong>colecci\u00f3n Ultimate.<\/strong>&nbsp;Consigue un descanso avanzado a partir de la combinaci\u00f3n de&nbsp;<strong>tecnolog\u00eda&nbsp;<\/strong>e&nbsp;<strong>innovaci\u00f3n.<\/strong>&nbsp;Ideal para personas que buscan conseguir un&nbsp;<strong>gran confort, adaptabilidad<\/strong>&nbsp;and&nbsp;<strong>la mayor calidad.&nbsp;<\/strong>\u00a1El Nube es nuestro&nbsp;colch\u00f3n con acogida personalizada m\u00e1s vendido!&nbsp;<\/p>\n\n\n\n<p class=\"wp-block-paragraph\">En resumen, el&nbsp;<strong>Flex\u00ae Nube<\/strong>&nbsp;es el colch\u00f3n m\u00e1s solicitado por nuestros consumidores. Ofrece una experiencia de sue\u00f1o placentera y sin interrupciones. Su popularidad entre nuestros clientes es una prueba de que su nivel de calidad y grado de comodidad con excepcionales.&nbsp;<\/p>\n\n\n\n<h4 class=\"wp-block-heading\">Caracter\u00edsticas del colch\u00f3n Nube<\/h4>\n\n\n\n<p class=\"wp-block-paragraph\">\u00a1No pierdas la oportunidad de descubrir las caracter\u00edsticas que el colch\u00f3n Nube tiene en cuanto a firmeza, confort, durabilidad y transpirabilidad!<\/p>\n\n\n\n<ul class=\"wp-block-list\">\n<li><strong>Transpirabilidad.&nbsp;<\/strong>Gracias a su&nbsp;<strong>tejido Stretch de alto gramaje<\/strong>&nbsp;de car\u00e1cter&nbsp;<strong>hipoalerg\u00e9nico,<\/strong>&nbsp;el colch\u00f3n Nube permite una total transpiraci\u00f3n. Adem\u00e1s, su&nbsp;<strong>estructura de c\u00e9lula abierta<\/strong>&nbsp;hace permite la libre circulaci\u00f3n de aire entre las distintas capas que forman parte de su composici\u00f3n.<\/li>\n\n\n\n<li><strong>Firmeza.<\/strong>&nbsp;Este innovador colch\u00f3n incorpora la m\u00e1xima tecnolog\u00eda para conseguir una&nbsp;<strong>firmeza progresiva<\/strong>&nbsp;a trav\u00e9s de los&nbsp;<strong>muelles ensacados Pocket Premium\u00ae.<\/strong>&nbsp;Una carcasa de muelles embolsados de manera individual para lograr una&nbsp;<strong>independencia de lechos&nbsp;<\/strong>y adaptarse al cuerpo a la perfecci\u00f3n.<\/li>\n\n\n\n<li><strong>Confort.<\/strong>&nbsp;Gracias a la innovadora t\u00e9cnica<strong>&nbsp;Tack &amp; Jump,<\/strong>&nbsp;su acolchado ha sido elaborado para maximizar el confort y lograr una suavidad excepcional. Su innovadora tecnolog\u00eda de&nbsp;<strong>fibras hipoalerg\u00e9nicas<\/strong>&nbsp;ayuda a mantener la temperatura (excelente sensaci\u00f3n de frescor y confort t\u00e9rmico) y a disfrutar de una acogida progresiva. Gracias a su capa de&nbsp;<strong>viscoel\u00e1stica,<\/strong>&nbsp;\u00fanicamente cede en aquellas zonas en las que se ejerce presi\u00f3n, proporcionando una total adaptaci\u00f3n al cuerpo. Elimina cualquier posibilidad de que se formen humedades. Y es que, gracias a la tecnolog\u00eda proporcionada por su&nbsp;<strong>Sistema Commodo+,<\/strong>&nbsp;el Nube proporciona un ambiente seco y agradable a la hora de dormir. Dispone de un material de alta densidad para mayor adaptabilidad y homogeneidad en su superficie&nbsp;<strong>(Confort System\u00ae).<\/strong><\/li>\n\n\n\n<li><strong>Durabilidad.&nbsp;<\/strong>El colch\u00f3n Nube de Flex es una garant\u00eda en cuanto a tiempo de vida \u00fatil. Su&nbsp;<strong>sistema antibacteriano Total Protect<\/strong>&nbsp;elimina las bacterias, los hongos y los \u00e1caros y el encapsulado con HR de alta densidad garantiza el m\u00e1ximo confort, resistencia y durabilidad.<\/li>\n<\/ul>\n\n\n\n<p class=\"wp-block-paragraph\">En definitiva, el colch\u00f3n Nube de Flex incorpora toda la tecnolog\u00eda e innovaci\u00f3n de nuestra gama Ultimate. Gracias a los avances que incorpora en todas sus capas, es una opci\u00f3n ideal para aquellas personas que quieren disfrutar del mejor descanso. \u00a1No pierdas la oportunidad!Altura Colch\u00f3n 30 cm +\/-<\/p>\n\n\n\n<p class=\"wp-block-paragraph\">Mismas capas en ambos lados del colch\u00f3n<\/p>\n<\/div><\/div>\n\n\n\n<div class=\"wp-block-uagb-buttons uagb-buttons__outer-wrap uagb-btn__default-btn uagb-btn-tablet__default-btn uagb-btn-mobile__default-btn uagb-block-985982f8\"><div class=\"uagb-buttons__wrap uagb-buttons-layout-wrap\">\n<div class=\"wp-block-uagb-buttons-child uagb-buttons__outer-wrap uagb-block-7200c93b wp-block-button\"><div class=\"uagb-button__wrapper\"><a class=\"uagb-buttons-repeater wp-block-button__link\" aria-label=\"\" href=\"https:\/\/colchonesybases.com\/en\/#contacto\" rel=\"follow noopener\" target=\"_self\" role=\"button\"><div class=\"uagb-button__link\">Quiero saber m\u00e1s<\/div><\/a><\/div><\/div>\n<\/div><\/div>\n\n\n\n<div class=\"wp-block-uagb-container uagb-block-b5de7639 alignfull uagb-is-root-container\"><div class=\"uagb-container-inner-blocks-wrap\">\n<h2 class=\"wp-block-heading has-text-align-center\">Materiales<\/h2>\n\n\n\n<h3 class=\"wp-block-heading has-text-align-center\">Rellenos<\/h3>\n\n\n\n<div class=\"wp-block-uagb-container uagb-block-8b0d1018\">\n<div class=\"wp-block-uagb-info-box uagb-block-4194e9e9 uagb-infobox__content-wrap  uagb-infobox-icon-above-title uagb-infobox-image-valign-top\"><div class=\"uagb-ifb-content\"><div class=\"uagb-ifb-image-content\"><img decoding=\"async\" src=\"https:\/\/colchonesybases.com\/wp-content\/uploads\/2024\/07\/flex-logo-fibras-hipolargenicas.png\" alt=\"Fibras hipolarg\u00e9nicas\" width=\"\" height=\"0\" loading=\"lazy\"\/><\/div><div class=\"uagb-ifb-title-wrap\"><h5 class=\"uagb-ifb-title\">Acolchado con Fibras Hipoalerg\u00e9nicas<\/h5><\/div><p class=\"uagb-ifb-desc\">Ayudan a mantener una temperatura constante gracias a que son fibras at\u00e9rmicas e hipoalerg\u00e9nicas. Acogida progresiva.<\/p><\/div><\/div>\n\n\n\n<div class=\"wp-block-uagb-info-box uagb-block-b4f1fb55 uagb-infobox__content-wrap  uagb-infobox-icon-above-title uagb-infobox-image-valign-top\"><div class=\"uagb-ifb-content\"><div class=\"uagb-ifb-image-content\"><img decoding=\"async\" src=\"https:\/\/colchonesybases.com\/wp-content\/uploads\/2024\/07\/flex-logo-sistema-commodo-plus.png\" alt=\"Sistema Commodo+\" width=\"\" height=\"0\" loading=\"lazy\"\/><\/div><div class=\"uagb-ifb-title-wrap\"><h5 class=\"uagb-ifb-title\"><strong>Sistema Commodo +<\/strong><\/h5><\/div><p class=\"uagb-ifb-desc\">Material natural con una textura suave y lisa que aporta una acogida confortable y una correcta absorci\u00f3n de la humedad, proporcionando as\u00ed, un ambiente seco y agradable a la hora de dormir.<\/p><\/div><\/div>\n\n\n\n<div class=\"wp-block-uagb-info-box uagb-block-ef59c8ff uagb-infobox__content-wrap  uagb-infobox-icon-above-title uagb-infobox-image-valign-top\"><div class=\"uagb-ifb-content\"><div class=\"uagb-ifb-image-content\"><img decoding=\"async\" src=\"https:\/\/colchonesybases.com\/wp-content\/uploads\/2024\/07\/flex-logo-confort-system-plus.png\" alt=\"Confort System+\" width=\"\" height=\"0\" loading=\"lazy\"\/><\/div><div class=\"uagb-ifb-title-wrap\"><h5 class=\"uagb-ifb-title\"><strong>Confort System \u00ae +<\/strong><\/h5><\/div><p class=\"uagb-ifb-desc\">Proporciona un reparto de pesos homog\u00e9neo, as\u00ed como la m\u00e1xima adaptabilidad y homogeneidad en la superficie del colch\u00f3n.<\/p><\/div><\/div>\n<\/div>\n<\/div><\/div>\n\n\n\n<div class=\"wp-block-uagb-container uagb-block-a038d935 alignfull uagb-is-root-container\"><div class=\"uagb-container-inner-blocks-wrap\">\n<h3 class=\"wp-block-heading has-text-align-center\">Tapicer\u00eda<\/h3>\n\n\n\n<div class=\"wp-block-uagb-container uagb-block-c7bf2329\">\n<div class=\"wp-block-uagb-info-box uagb-block-5e2e7d60 uagb-infobox__content-wrap  uagb-infobox-icon-above-title uagb-infobox-image-valign-top\"><div class=\"uagb-ifb-content\"><div class=\"uagb-ifb-image-content\"><img decoding=\"async\" src=\"https:\/\/colchonesybases.com\/wp-content\/uploads\/2024\/07\/flex-logo-tapiceria-stretch.png\" alt=\"Tapicer\u00eda Stretch\" width=\"\" height=\"0\" loading=\"lazy\"\/><\/div><div class=\"uagb-ifb-title-wrap\"><h5 class=\"uagb-ifb-title\"><strong>Tapicer\u00eda Stretch<\/strong><\/h5><\/div><p class=\"uagb-ifb-desc\">Tapicer\u00eda el\u00e1stica que favorece la m\u00e1xima adaptaci\u00f3n al bloque interior y la transpiraci\u00f3n del colch\u00f3n. Hipoalerg\u00e9nica.<\/p><\/div><\/div>\n\n\n\n<div class=\"wp-block-uagb-info-box uagb-block-c01c2fce uagb-infobox__content-wrap  uagb-infobox-icon-above-title uagb-infobox-image-valign-top\"><div class=\"uagb-ifb-content\"><div class=\"uagb-ifb-image-content\"><img decoding=\"async\" src=\"https:\/\/colchonesybases.com\/wp-content\/uploads\/2024\/07\/flex-logo-optigrade.png\" alt=\"Comportamiento Optigrade\" width=\"\" height=\"0\" loading=\"lazy\"\/><\/div><div class=\"uagb-ifb-title-wrap\"><h5 class=\"uagb-ifb-title\"><strong>Comportamiento Optigrade<\/strong><\/h5><\/div><p class=\"uagb-ifb-desc\">Eficaz sistema termorregulador que equilibra las condiciones de temperatura y humedad del cuerpo al dormir favoreciendo un descanso higi\u00e9nico y saludable.<\/p><\/div><\/div>\n<\/div>\n<\/div><\/div>\n\n\n\n<div class=\"wp-block-uagb-container uagb-block-60390c02 alignfull uagb-is-root-container\"><div class=\"uagb-container-inner-blocks-wrap\">\n<h3 class=\"wp-block-heading has-text-align-center\">Acolchados<\/h3>\n\n\n\n<div class=\"wp-block-uagb-container uagb-block-fdd09f8f\">\n<div class=\"wp-block-uagb-info-box uagb-block-7cf7b08d uagb-infobox__content-wrap  uagb-infobox-icon-above-title uagb-infobox-image-valign-top\"><div class=\"uagb-ifb-content\"><div class=\"uagb-ifb-title-wrap\"><h5 class=\"uagb-ifb-title\"><strong>Tack &amp; Jump<\/strong><\/h5><\/div><p class=\"uagb-ifb-desc\">Acolchado realizado a saltos y dise\u00f1ado para maximizar la suavidad y lograr un confort absoluto.<\/p><\/div><\/div>\n<\/div>\n<\/div><\/div>\n\n\n\n<div style=\"height:30px\" aria-hidden=\"true\" class=\"wp-block-spacer\"><\/div>\n\n\n\n<div class=\"wp-block-group is-layout-constrained wp-block-group-is-layout-constrained\">\n<h2 class=\"wp-block-heading has-text-align-center\">\ud83d\ude4b\ud83c\udffb\u200d\u2642\ufe0f \u00bfTe interesa? \ud83d\ude4b\ud83c\udffb\u200d\u2640\ufe0f<\/h2>\n\n\n\n<div class=\"wp-block-uagb-buttons uagb-buttons__outer-wrap uagb-btn__default-btn uagb-btn-tablet__default-btn uagb-btn-mobile__default-btn uagb-block-985982f8\"><div class=\"uagb-buttons__wrap uagb-buttons-layout-wrap\">\n<div class=\"wp-block-uagb-buttons-child uagb-buttons__outer-wrap uagb-block-7200c93b wp-block-button\"><div class=\"uagb-button__wrapper\"><a class=\"uagb-buttons-repeater wp-block-button__link\" aria-label=\"\" href=\"https:\/\/colchonesybases.com\/en\/#contacto\" rel=\"follow noopener\" target=\"_self\" role=\"button\"><div class=\"uagb-button__link\">Contacta con nosotros<\/div><\/a><\/div><\/div>\n<\/div><\/div>\n<\/div>","protected":false},"excerpt":{"rendered":"<p>Colch\u00f3n Nube M\u00e1s vendido 904,00\u00a0\u20ac Desde 379,00 \u20ac \ud83d\udca1 La mejor opci\u00f3n para personas de cualquier peso y complexi\u00f3n a [&hellip;]<\/p>\n","protected":false},"author":5,"featured_media":1256,"comment_status":"closed","ping_status":"closed","sticky":false,"template":"","format":"standard","meta":{"_uag_custom_page_level_css":"","site-sidebar-layout":"default","site-content-layout":"","ast-site-content-layout":"default","site-content-style":"default","site-sidebar-style":"default","ast-global-header-display":"","ast-banner-title-visibility":"","ast-main-header-display":"","ast-hfb-above-header-display":"","ast-hfb-below-header-display":"","ast-hfb-mobile-header-display":"","site-post-title":"disabled","ast-breadcrumbs-content":"","ast-featured-img":"","footer-sml-layout":"","ast-disable-related-posts":"","theme-transparent-header-meta":"","adv-header-id-meta":"","stick-header-meta":"","header-above-stick-meta":"","header-main-stick-meta":"","header-below-stick-meta":"","astra-migrate-meta-layouts":"default","ast-page-background-enabled":"default","ast-page-background-meta":{"desktop":{"background-color":"var(--ast-global-color-4)","background-image":"","background-repeat":"repeat","background-position":"center center","background-size":"auto","background-attachment":"scroll","background-type":"","background-media":"","overlay-type":"","overlay-color":"","overlay-opacity":"","overlay-gradient":""},"tablet":{"background-color":"","background-image":"","background-repeat":"repeat","background-position":"center center","background-size":"auto","background-attachment":"scroll","background-type":"","background-media":"","overlay-type":"","overlay-color":"","overlay-opacity":"","overlay-gradient":""},"mobile":{"background-color":"","background-image":"","background-repeat":"repeat","background-position":"center center","background-size":"auto","background-attachment":"scroll","background-type":"","background-media":"","overlay-type":"","overlay-color":"","overlay-opacity":"","overlay-gradient":""}},"ast-content-background-meta":{"desktop":{"background-color":"var(--ast-global-color-5)","background-image":"","background-repeat":"repeat","background-position":"center center","background-size":"auto","background-attachment":"scroll","background-type":"","background-media":"","overlay-type":"","overlay-color":"","overlay-opacity":"","overlay-gradient":""},"tablet":{"background-color":"var(--ast-global-color-5)","background-image":"","background-repeat":"repeat","background-position":"center center","background-size":"auto","background-attachment":"scroll","background-type":"","background-media":"","overlay-type":"","overlay-color":"","overlay-opacity":"","overlay-gradient":""},"mobile":{"background-color":"var(--ast-global-color-5)","background-image":"","background-repeat":"repeat","background-position":"center center","background-size":"auto","background-attachment":"scroll","background-type":"","background-media":"","overlay-type":"","overlay-color":"","overlay-opacity":"","overlay-gradient":""}},"_joinchat":{"message_text":"Hola \ud83d\udc4b\ud83c\udffb\n\u00bfQuieres saber m\u00e1s del colch\u00f3n Nube? \u00a1No tienes m\u00e1s que preguntar!","message_send":"Navegando por vuestra web, me ha interesado lo que he visto en la p\u00e1gina \"{TITLE}\"..."},"footnotes":""},"categories":[26],"tags":[],"class_list":["post-1565","post","type-post","status-publish","format-standard","has-post-thumbnail","hentry","category-colchones"],"yoast_head":"<!-- This site is optimized with the Yoast SEO plugin v28.3 - https:\/\/yoast.com\/product\/yoast-seo-wordpress\/ -->\n<title>\ud83d\ude34 Colch\u00f3n Nube | La Boutique del Sue\u00f1o \u2022 Flex Orihuela<\/title>\n<meta name=\"description\" content=\"El colch\u00f3n Nube de Flex no es uno de los modelos m\u00e1s vendidos por casualidad. En \u00e9l encontrar\u00e1s firmeza, acogida y un precio asequible.\" \/>\n<meta name=\"robots\" content=\"index, follow, max-snippet:-1, max-image-preview:large, max-video-preview:-1\" \/>\n<link rel=\"canonical\" href=\"https:\/\/colchonesybases.com\/en\/productos\/colchones\/colchon-flex-nube\/\" \/>\n<meta property=\"og:locale\" content=\"en_GB\" \/>\n<meta property=\"og:type\" content=\"article\" \/>\n<meta property=\"og:title\" content=\"\ud83d\ude34 Colch\u00f3n Nube | La Boutique del Sue\u00f1o \u2022 Flex Orihuela\" \/>\n<meta property=\"og:description\" content=\"El colch\u00f3n Nube de Flex no es uno de los modelos m\u00e1s vendidos por casualidad. En \u00e9l encontrar\u00e1s firmeza, acogida y un precio asequible.\" \/>\n<meta property=\"og:url\" content=\"https:\/\/colchonesybases.com\/en\/productos\/colchones\/colchon-flex-nube\/\" \/>\n<meta property=\"og:site_name\" content=\"La Boutique del Sue\u00f1o \u2022 Flex Orihuela\" \/>\n<meta property=\"article:publisher\" content=\"https:\/\/www.facebook.com\/BoutiqueFlexOrihuela\/\" \/>\n<meta property=\"article:published_time\" content=\"2026-08-16T11:36:54+00:00\" \/>\n<meta property=\"article:modified_time\" content=\"2026-08-29T14:23:46+00:00\" \/>\n<meta property=\"og:image\" content=\"https:\/\/colchonesybases.com\/wp-content\/uploads\/2024\/07\/colchon-flex-nube-visco-izquierda.jpg\" \/>\n\t<meta property=\"og:image:width\" content=\"887\" \/>\n\t<meta property=\"og:image:height\" content=\"618\" \/>\n\t<meta property=\"og:image:type\" content=\"image\/jpeg\" \/>\n<meta name=\"author\" content=\"La Boutique del Sue\u00f1o\" \/>\n<meta name=\"twitter:card\" content=\"summary_large_image\" \/>\n<meta name=\"twitter:label1\" content=\"Written by\" \/>\n\t<meta name=\"twitter:data1\" content=\"La Boutique del Sue\u00f1o\" \/>\n\t<meta name=\"twitter:label2\" content=\"Estimated reading time\" \/>\n\t<meta name=\"twitter:data2\" content=\"6 minutes\" \/>\n<script type=\"application\/ld+json\" class=\"yoast-schema-graph\">{\"@context\":\"https:\\\/\\\/schema.org\",\"@graph\":[{\"@type\":\"Article\",\"@id\":\"https:\\\/\\\/colchonesybases.com\\\/productos\\\/colchones\\\/colchon-flex-nube\\\/#article\",\"isPartOf\":{\"@id\":\"https:\\\/\\\/colchonesybases.com\\\/productos\\\/colchones\\\/colchon-flex-nube\\\/\"},\"author\":{\"name\":\"La Boutique del Sue\u00f1o\",\"@id\":\"https:\\\/\\\/colchonesybases.com\\\/#\\\/schema\\\/person\\\/e65e94b28da462b6231959017380e108\"},\"headline\":\"Colch\u00f3n Nube\",\"datePublished\":\"2026-08-16T11:36:54+00:00\",\"dateModified\":\"2026-08-29T14:23:46+00:00\",\"mainEntityOfPage\":{\"@id\":\"https:\\\/\\\/colchonesybases.com\\\/productos\\\/colchones\\\/colchon-flex-nube\\\/\"},\"wordCount\":742,\"publisher\":{\"@id\":\"https:\\\/\\\/colchonesybases.com\\\/#organization\"},\"image\":{\"@id\":\"https:\\\/\\\/colchonesybases.com\\\/productos\\\/colchones\\\/colchon-flex-nube\\\/#primaryimage\"},\"thumbnailUrl\":\"https:\\\/\\\/colchonesybases.com\\\/wp-content\\\/uploads\\\/2024\\\/07\\\/colchon-flex-nube-visco-izquierda.jpg\",\"articleSection\":[\"Colchones\"],\"inLanguage\":\"en-GB\"},{\"@type\":\"WebPage\",\"@id\":\"https:\\\/\\\/colchonesybases.com\\\/productos\\\/colchones\\\/colchon-flex-nube\\\/\",\"url\":\"https:\\\/\\\/colchonesybases.com\\\/productos\\\/colchones\\\/colchon-flex-nube\\\/\",\"name\":\"\ud83d\ude34 Colch\u00f3n Nube | La Boutique del Sue\u00f1o \u2022 Flex Orihuela\",\"isPartOf\":{\"@id\":\"https:\\\/\\\/colchonesybases.com\\\/#website\"},\"primaryImageOfPage\":{\"@id\":\"https:\\\/\\\/colchonesybases.com\\\/productos\\\/colchones\\\/colchon-flex-nube\\\/#primaryimage\"},\"image\":{\"@id\":\"https:\\\/\\\/colchonesybases.com\\\/productos\\\/colchones\\\/colchon-flex-nube\\\/#primaryimage\"},\"thumbnailUrl\":\"https:\\\/\\\/colchonesybases.com\\\/wp-content\\\/uploads\\\/2024\\\/07\\\/colchon-flex-nube-visco-izquierda.jpg\",\"datePublished\":\"2026-08-16T11:36:54+00:00\",\"dateModified\":\"2026-08-29T14:23:46+00:00\",\"description\":\"El colch\u00f3n Nube de Flex no es uno de los modelos m\u00e1s vendidos por casualidad. En \u00e9l encontrar\u00e1s firmeza, acogida y un precio asequible.\",\"breadcrumb\":{\"@id\":\"https:\\\/\\\/colchonesybases.com\\\/productos\\\/colchones\\\/colchon-flex-nube\\\/#breadcrumb\"},\"inLanguage\":\"en-GB\",\"potentialAction\":[{\"@type\":\"ReadAction\",\"target\":[\"https:\\\/\\\/colchonesybases.com\\\/productos\\\/colchones\\\/colchon-flex-nube\\\/\"]}]},{\"@type\":\"ImageObject\",\"inLanguage\":\"en-GB\",\"@id\":\"https:\\\/\\\/colchonesybases.com\\\/productos\\\/colchones\\\/colchon-flex-nube\\\/#primaryimage\",\"url\":\"https:\\\/\\\/colchonesybases.com\\\/wp-content\\\/uploads\\\/2024\\\/07\\\/colchon-flex-nube-visco-izquierda.jpg\",\"contentUrl\":\"https:\\\/\\\/colchonesybases.com\\\/wp-content\\\/uploads\\\/2024\\\/07\\\/colchon-flex-nube-visco-izquierda.jpg\",\"width\":887,\"height\":618,\"caption\":\"Colch\u00f3n Nube Visco de Flex\"},{\"@type\":\"BreadcrumbList\",\"@id\":\"https:\\\/\\\/colchonesybases.com\\\/productos\\\/colchones\\\/colchon-flex-nube\\\/#breadcrumb\",\"itemListElement\":[{\"@type\":\"ListItem\",\"position\":1,\"name\":\"Inicio\",\"item\":\"https:\\\/\\\/colchonesybases.com\\\/\"},{\"@type\":\"ListItem\",\"position\":2,\"name\":\"Productos\",\"item\":\"https:\\\/\\\/colchonesybases.com\\\/categoria\\\/productos\\\/\"},{\"@type\":\"ListItem\",\"position\":3,\"name\":\"Colchones\",\"item\":\"https:\\\/\\\/colchonesybases.com\\\/categoria\\\/productos\\\/colchones\\\/\"},{\"@type\":\"ListItem\",\"position\":4,\"name\":\"Colch\u00f3n Nube\"}]},{\"@type\":\"WebSite\",\"@id\":\"https:\\\/\\\/colchonesybases.com\\\/#website\",\"url\":\"https:\\\/\\\/colchonesybases.com\\\/\",\"name\":\"La Boutique del Sue\u00f1o\",\"description\":\"\ud83d\ude34La Boutique del Sue\u00f1o | Flex Orihuela | Los mejores equipos de descanso, colchones y bases\",\"publisher\":{\"@id\":\"https:\\\/\\\/colchonesybases.com\\\/#organization\"},\"alternateName\":\"Flex Orihuela\",\"potentialAction\":[{\"@type\":\"SearchAction\",\"target\":{\"@type\":\"EntryPoint\",\"urlTemplate\":\"https:\\\/\\\/colchonesybases.com\\\/?s={search_term_string}\"},\"query-input\":{\"@type\":\"PropertyValueSpecification\",\"valueRequired\":true,\"valueName\":\"search_term_string\"}}],\"inLanguage\":\"en-GB\"},{\"@type\":\"Organization\",\"@id\":\"https:\\\/\\\/colchonesybases.com\\\/#organization\",\"name\":\"La Boutique del Sue\u00f1o SL\",\"alternateName\":\"La Boutique del Sue\u00f1o\",\"url\":\"https:\\\/\\\/colchonesybases.com\\\/\",\"logo\":{\"@type\":\"ImageObject\",\"inLanguage\":\"en-GB\",\"@id\":\"https:\\\/\\\/colchonesybases.com\\\/#\\\/schema\\\/logo\\\/image\\\/\",\"url\":\"https:\\\/\\\/colchonesybases.com\\\/wp-content\\\/uploads\\\/2024\\\/02\\\/perfil-flex-lbds-ancho-orihuela.png\",\"contentUrl\":\"https:\\\/\\\/colchonesybases.com\\\/wp-content\\\/uploads\\\/2024\\\/02\\\/perfil-flex-lbds-ancho-orihuela.png\",\"width\":800,\"height\":800,\"caption\":\"La Boutique del Sue\u00f1o SL\"},\"image\":{\"@id\":\"https:\\\/\\\/colchonesybases.com\\\/#\\\/schema\\\/logo\\\/image\\\/\"},\"sameAs\":[\"https:\\\/\\\/www.facebook.com\\\/BoutiqueFlexOrihuela\\\/\",\"https:\\\/\\\/www.instagram.com\\\/laboutiquedelsueno\\\/\"]},{\"@type\":\"Person\",\"@id\":\"https:\\\/\\\/colchonesybases.com\\\/#\\\/schema\\\/person\\\/e65e94b28da462b6231959017380e108\",\"name\":\"La Boutique del Sue\u00f1o\",\"image\":{\"@type\":\"ImageObject\",\"inLanguage\":\"en-GB\",\"@id\":\"https:\\\/\\\/colchonesybases.com\\\/wp-content\\\/litespeed\\\/avatar\\\/d7c842d4ef11fda8615db0b55e10fa7b.jpg?ver=1788528054\",\"url\":\"https:\\\/\\\/colchonesybases.com\\\/wp-content\\\/litespeed\\\/avatar\\\/d7c842d4ef11fda8615db0b55e10fa7b.jpg?ver=1788528054\",\"contentUrl\":\"https:\\\/\\\/colchonesybases.com\\\/wp-content\\\/litespeed\\\/avatar\\\/d7c842d4ef11fda8615db0b55e10fa7b.jpg?ver=1788528054\",\"caption\":\"La Boutique del Sue\u00f1o\"},\"description\":\"La Boutique del Sue\u00f1o es la tienda de descanso de la familia Meseguer, en la calle San Agust\u00edn de Orihuela. Distribuidores oficiales de Flex en Orihuela y la Vega Baja desde hace m\u00e1s de 60 a\u00f1os, tres generaciones y m\u00e1s de 9.000 colchones vendidos. Lo que escribimos aqu\u00ed sale de asesorar en la tienda todos los d\u00edas, no de un cat\u00e1logo.\"}]}<\/script>\n<!-- \/ Yoast SEO plugin. -->","yoast_head_json":{"title":"\ud83d\ude34 Colch\u00f3n Nube | La Boutique del Sue\u00f1o \u2022 Flex Orihuela","description":"El colch\u00f3n Nube de Flex no es uno de los modelos m\u00e1s vendidos por casualidad. En \u00e9l encontrar\u00e1s firmeza, acogida y un precio asequible.","robots":{"index":"index","follow":"follow","max-snippet":"max-snippet:-1","max-image-preview":"max-image-preview:large","max-video-preview":"max-video-preview:-1"},"canonical":"https:\/\/colchonesybases.com\/en\/productos\/colchones\/colchon-flex-nube\/","og_locale":"en_GB","og_type":"article","og_title":"\ud83d\ude34 Colch\u00f3n Nube | La Boutique del Sue\u00f1o \u2022 Flex Orihuela","og_description":"El colch\u00f3n Nube de Flex no es uno de los modelos m\u00e1s vendidos por casualidad. En \u00e9l encontrar\u00e1s firmeza, acogida y un precio asequible.","og_url":"https:\/\/colchonesybases.com\/en\/productos\/colchones\/colchon-flex-nube\/","og_site_name":"La Boutique del Sue\u00f1o \u2022 Flex Orihuela","article_publisher":"https:\/\/www.facebook.com\/BoutiqueFlexOrihuela\/","article_published_time":"2026-08-16T11:36:54+00:00","article_modified_time":"2026-08-29T14:23:46+00:00","og_image":[{"width":887,"height":618,"url":"https:\/\/colchonesybases.com\/wp-content\/uploads\/2024\/07\/colchon-flex-nube-visco-izquierda.jpg","type":"image\/jpeg"}],"author":"La Boutique del Sue\u00f1o","twitter_card":"summary_large_image","twitter_misc":{"Written by":"La Boutique del Sue\u00f1o","Estimated reading time":"6 minutes"},"schema":{"@context":"https:\/\/schema.org","@graph":[{"@type":"Article","@id":"https:\/\/colchonesybases.com\/productos\/colchones\/colchon-flex-nube\/#article","isPartOf":{"@id":"https:\/\/colchonesybases.com\/productos\/colchones\/colchon-flex-nube\/"},"author":{"name":"La Boutique del Sue\u00f1o","@id":"https:\/\/colchonesybases.com\/#\/schema\/person\/e65e94b28da462b6231959017380e108"},"headline":"Colch\u00f3n Nube","datePublished":"2026-08-16T11:36:54+00:00","dateModified":"2026-08-29T14:23:46+00:00","mainEntityOfPage":{"@id":"https:\/\/colchonesybases.com\/productos\/colchones\/colchon-flex-nube\/"},"wordCount":742,"publisher":{"@id":"https:\/\/colchonesybases.com\/#organization"},"image":{"@id":"https:\/\/colchonesybases.com\/productos\/colchones\/colchon-flex-nube\/#primaryimage"},"thumbnailUrl":"https:\/\/colchonesybases.com\/wp-content\/uploads\/2024\/07\/colchon-flex-nube-visco-izquierda.jpg","articleSection":["Colchones"],"inLanguage":"en-GB"},{"@type":"WebPage","@id":"https:\/\/colchonesybases.com\/productos\/colchones\/colchon-flex-nube\/","url":"https:\/\/colchonesybases.com\/productos\/colchones\/colchon-flex-nube\/","name":"\ud83d\ude34 Colch\u00f3n Nube | La Boutique del Sue\u00f1o \u2022 Flex Orihuela","isPartOf":{"@id":"https:\/\/colchonesybases.com\/#website"},"primaryImageOfPage":{"@id":"https:\/\/colchonesybases.com\/productos\/colchones\/colchon-flex-nube\/#primaryimage"},"image":{"@id":"https:\/\/colchonesybases.com\/productos\/colchones\/colchon-flex-nube\/#primaryimage"},"thumbnailUrl":"https:\/\/colchonesybases.com\/wp-content\/uploads\/2024\/07\/colchon-flex-nube-visco-izquierda.jpg","datePublished":"2026-08-16T11:36:54+00:00","dateModified":"2026-08-29T14:23:46+00:00","description":"El colch\u00f3n Nube de Flex no es uno de los modelos m\u00e1s vendidos por casualidad. En \u00e9l encontrar\u00e1s firmeza, acogida y un precio asequible.","breadcrumb":{"@id":"https:\/\/colchonesybases.com\/productos\/colchones\/colchon-flex-nube\/#breadcrumb"},"inLanguage":"en-GB","potentialAction":[{"@type":"ReadAction","target":["https:\/\/colchonesybases.com\/productos\/colchones\/colchon-flex-nube\/"]}]},{"@type":"ImageObject","inLanguage":"en-GB","@id":"https:\/\/colchonesybases.com\/productos\/colchones\/colchon-flex-nube\/#primaryimage","url":"https:\/\/colchonesybases.com\/wp-content\/uploads\/2024\/07\/colchon-flex-nube-visco-izquierda.jpg","contentUrl":"https:\/\/colchonesybases.com\/wp-content\/uploads\/2024\/07\/colchon-flex-nube-visco-izquierda.jpg","width":887,"height":618,"caption":"Colch\u00f3n Nube Visco de Flex"},{"@type":"BreadcrumbList","@id":"https:\/\/colchonesybases.com\/productos\/colchones\/colchon-flex-nube\/#breadcrumb","itemListElement":[{"@type":"ListItem","position":1,"name":"Inicio","item":"https:\/\/colchonesybases.com\/"},{"@type":"ListItem","position":2,"name":"Productos","item":"https:\/\/colchonesybases.com\/categoria\/productos\/"},{"@type":"ListItem","position":3,"name":"Colchones","item":"https:\/\/colchonesybases.com\/categoria\/productos\/colchones\/"},{"@type":"ListItem","position":4,"name":"Colch\u00f3n Nube"}]},{"@type":"WebSite","@id":"https:\/\/colchonesybases.com\/#website","url":"https:\/\/colchonesybases.com\/","name":"La Boutique del Sue\u00f1o","description":"\ud83d\ude34La Boutique del Sue\u00f1o | Flex Orihuela | Los mejores equipos de descanso, colchones y bases","publisher":{"@id":"https:\/\/colchonesybases.com\/#organization"},"alternateName":"Flex Orihuela","potentialAction":[{"@type":"SearchAction","target":{"@type":"EntryPoint","urlTemplate":"https:\/\/colchonesybases.com\/?s={search_term_string}"},"query-input":{"@type":"PropertyValueSpecification","valueRequired":true,"valueName":"search_term_string"}}],"inLanguage":"en-GB"},{"@type":"Organization","@id":"https:\/\/colchonesybases.com\/#organization","name":"La Boutique del Sue\u00f1o SL","alternateName":"La Boutique del Sue\u00f1o","url":"https:\/\/colchonesybases.com\/","logo":{"@type":"ImageObject","inLanguage":"en-GB","@id":"https:\/\/colchonesybases.com\/#\/schema\/logo\/image\/","url":"https:\/\/colchonesybases.com\/wp-content\/uploads\/2024\/02\/perfil-flex-lbds-ancho-orihuela.png","contentUrl":"https:\/\/colchonesybases.com\/wp-content\/uploads\/2024\/02\/perfil-flex-lbds-ancho-orihuela.png","width":800,"height":800,"caption":"La Boutique del Sue\u00f1o SL"},"image":{"@id":"https:\/\/colchonesybases.com\/#\/schema\/logo\/image\/"},"sameAs":["https:\/\/www.facebook.com\/BoutiqueFlexOrihuela\/","https:\/\/www.instagram.com\/laboutiquedelsueno\/"]},{"@type":"Person","@id":"https:\/\/colchonesybases.com\/#\/schema\/person\/e65e94b28da462b6231959017380e108","name":"La Boutique del Sue\u00f1o","image":{"@type":"ImageObject","inLanguage":"en-GB","@id":"https:\/\/colchonesybases.com\/wp-content\/litespeed\/avatar\/d7c842d4ef11fda8615db0b55e10fa7b.jpg?ver=1788528054","url":"https:\/\/colchonesybases.com\/wp-content\/litespeed\/avatar\/d7c842d4ef11fda8615db0b55e10fa7b.jpg?ver=1788528054","contentUrl":"https:\/\/colchonesybases.com\/wp-content\/litespeed\/avatar\/d7c842d4ef11fda8615db0b55e10fa7b.jpg?ver=1788528054","caption":"La Boutique del Sue\u00f1o"},"description":"La Boutique del Sue\u00f1o es la tienda de descanso de la familia Meseguer, en la calle San Agust\u00edn de Orihuela. Distribuidores oficiales de Flex en Orihuela y la Vega Baja desde hace m\u00e1s de 60 a\u00f1os, tres generaciones y m\u00e1s de 9.000 colchones vendidos. Lo que escribimos aqu\u00ed sale de asesorar en la tienda todos los d\u00edas, no de un cat\u00e1logo."}]}},"uagb_featured_image_src":{"full":["https:\/\/colchonesybases.com\/wp-content\/uploads\/2024\/07\/colchon-flex-nube-visco-izquierda.jpg",887,618,false],"thumbnail":["https:\/\/colchonesybases.com\/wp-content\/uploads\/2024\/07\/colchon-flex-nube-visco-izquierda-150x150.jpg",150,150,true],"medium":["https:\/\/colchonesybases.com\/wp-content\/uploads\/2024\/07\/colchon-flex-nube-visco-izquierda-300x209.jpg",300,209,true],"medium_large":["https:\/\/colchonesybases.com\/wp-content\/uploads\/2024\/07\/colchon-flex-nube-visco-izquierda-768x535.jpg",768,535,true],"large":["https:\/\/colchonesybases.com\/wp-content\/uploads\/2024\/07\/colchon-flex-nube-visco-izquierda.jpg",887,618,false],"1536x1536":["https:\/\/colchonesybases.com\/wp-content\/uploads\/2024\/07\/colchon-flex-nube-visco-izquierda.jpg",887,618,false],"2048x2048":["https:\/\/colchonesybases.com\/wp-content\/uploads\/2024\/07\/colchon-flex-nube-visco-izquierda.jpg",887,618,false],"trp-custom-language-flag":["https:\/\/colchonesybases.com\/wp-content\/uploads\/2024\/07\/colchon-flex-nube-visco-izquierda-18x12.jpg",18,12,true]},"uagb_author_info":{"display_name":"La Boutique del Sue\u00f1o","author_link":"https:\/\/colchonesybases.com\/en\/author\/lbds_autor\/"},"uagb_comment_info":0,"uagb_excerpt":"Colch\u00f3n Nube M\u00e1s vendido 904,00\u00a0\u20ac Desde 379,00 \u20ac \ud83d\udca1 La mejor opci\u00f3n para personas de cualquier peso y complexi\u00f3n a [&hellip;]","_links":{"self":[{"href":"https:\/\/colchonesybases.com\/en\/wp-json\/wp\/v2\/posts\/1565","targetHints":{"allow":["GET"]}}],"collection":[{"href":"https:\/\/colchonesybases.com\/en\/wp-json\/wp\/v2\/posts"}],"about":[{"href":"https:\/\/colchonesybases.com\/en\/wp-json\/wp\/v2\/types\/post"}],"author":[{"embeddable":true,"href":"https:\/\/colchonesybases.com\/en\/wp-json\/wp\/v2\/users\/5"}],"replies":[{"embeddable":true,"href":"https:\/\/colchonesybases.com\/en\/wp-json\/wp\/v2\/comments?post=1565"}],"version-history":[{"count":1,"href":"https:\/\/colchonesybases.com\/en\/wp-json\/wp\/v2\/posts\/1565\/revisions"}],"predecessor-version":[{"id":1573,"href":"https:\/\/colchonesybases.com\/en\/wp-json\/wp\/v2\/posts\/1565\/revisions\/1573"}],"wp:attachment":[{"href":"https:\/\/colchonesybases.com\/en\/wp-json\/wp\/v2\/media?parent=1565"}],"wp:term":[{"taxonomy":"category","embeddable":true,"href":"https:\/\/colchonesybases.com\/en\/wp-json\/wp\/v2\/categories?post=1565"},{"taxonomy":"post_tag","embeddable":true,"href":"https:\/\/colchonesybases.com\/en\/wp-json\/wp\/v2\/tags?post=1565"}],"curies":[{"name":"wp","href":"https:\/\/api.w.org\/{rel}","templated":true}]}}