{"id":1562,"date":"2026-08-16T13:36:54","date_gmt":"2026-08-16T11:36:54","guid":{"rendered":"https:\/\/colchonesybases.com\/?page_id=1562"},"modified":"2026-08-29T16:23:44","modified_gmt":"2026-08-29T14:23:44","slug":"base-flex-abatible-madera-25","status":"publish","type":"post","link":"https:\/\/colchonesybases.com\/en\/productos\/bases\/base-flex-abatible-madera-25\/","title":{"rendered":"Abatible Madera 25"},"content":{"rendered":"<p class=\"wp-block-paragraph\"><\/p>\n\n\n\n<div class=\"wp-block-uagb-container uagb-block-5b5934ad alignfull uagb-is-root-container\"><div class=\"uagb-container-inner-blocks-wrap\">\n<div class=\"wp-block-uagb-container uagb-block-d604a6ce\">\n<div class=\"wp-block-uagb-slider uagb-block-4de02c3d uagb-slider-container\"><div class=\"uagb-slides uagb-swiper\"><div class=\"swiper-wrapper\">\n<div class=\"wp-block-uagb-slider-child uagb-slider-child-wrap swiper-slide uagb-block-c6767f59\"><div class=\"swiper-content\">\n<div class=\"wp-block-uagb-image uagb-block-016a6497 wp-block-uagb-image--layout-default wp-block-uagb-image--effect-static wp-block-uagb-image--align-none\"><figure class=\"wp-block-uagb-image__figure\"><img decoding=\"async\" src=\"https:\/\/colchonesybases.com\/wp-content\/uploads\/2025\/05\/flex_-_abatible_mad25_gris_abierto_2t.webp\" alt=\"Abatible madera 25 de Flex, gris, abierto\" class=\"uag-image-1473\" width=\"887\" height=\"618\" title=\"Abatible madera 25 de Flex, gris, abierto\" loading=\"lazy\" role=\"img\" \/><\/figure><\/div>\n<\/div><\/div>\n\n\n\n<div class=\"wp-block-uagb-slider-child uagb-slider-child-wrap swiper-slide uagb-block-64c520d6\"><div class=\"swiper-content\">\n<div class=\"wp-block-uagb-image uagb-block-2493e405 wp-block-uagb-image--layout-default wp-block-uagb-image--effect-static wp-block-uagb-image--align-none\"><figure class=\"wp-block-uagb-image__figure\"><img decoding=\"async\" src=\"https:\/\/colchonesybases.com\/wp-content\/uploads\/2025\/05\/flex-abt_25_nogal_cerrado_2_1.webp\" alt=\"Abatible madera 25 de Flex, nogal, cerrado\" class=\"uag-image-1474\" width=\"887\" height=\"618\" title=\"Abatible madera 25 de Flex, nogal, cerrado\" loading=\"lazy\" role=\"img\" \/><\/figure><\/div>\n<\/div><\/div>\n\n\n\n<div class=\"wp-block-uagb-slider-child uagb-slider-child-wrap swiper-slide uagb-block-36815b94\"><div class=\"swiper-content\">\n<div class=\"wp-block-uagb-image uagb-block-7f4c5ed9 wp-block-uagb-image--layout-default wp-block-uagb-image--effect-static wp-block-uagb-image--align-none\"><figure class=\"wp-block-uagb-image__figure\"><img decoding=\"async\" src=\"https:\/\/colchonesybases.com\/wp-content\/uploads\/2025\/05\/base-flex-abatible-madera-25-natural-02.webp\" alt=\"Abatible madera 25 de Flex, madera natural\" class=\"uag-image-1472\" width=\"887\" height=\"618\" title=\"Abatible madera 25 de Flex, madera natural\" loading=\"lazy\" role=\"img\" \/><\/figure><\/div>\n<\/div><\/div>\n\n\n\n<div class=\"wp-block-uagb-slider-child uagb-slider-child-wrap swiper-slide uagb-block-9c85d6f4\"><div class=\"swiper-content\">\n<div class=\"wp-block-uagb-image uagb-block-1bb4d098 wp-block-uagb-image--layout-default wp-block-uagb-image--effect-static wp-block-uagb-image--align-none\"><figure class=\"wp-block-uagb-image__figure\"><img decoding=\"async\" src=\"https:\/\/colchonesybases.com\/wp-content\/uploads\/2025\/05\/base-flex-abatible-madera-25-gris-02.webp\" alt=\"Abatible madera 25 de Flex, gris\" class=\"uag-image-1471\" width=\"887\" height=\"618\" title=\"Abatible madera 25 de Flex, gris\" loading=\"lazy\" role=\"img\" \/><\/figure><\/div>\n<\/div><\/div>\n\n\n\n<div class=\"wp-block-uagb-slider-child uagb-slider-child-wrap swiper-slide uagb-block-b08534d0\"><div class=\"swiper-content\">\n<div class=\"wp-block-uagb-image uagb-block-c729caf2 wp-block-uagb-image--layout-default wp-block-uagb-image--effect-static wp-block-uagb-image--align-none\"><figure class=\"wp-block-uagb-image__figure\"><img decoding=\"async\" src=\"https:\/\/colchonesybases.com\/wp-content\/uploads\/2025\/05\/base-flex-abatible-madera-25-cerezo-02.webp\" alt=\"Abatible madera 25 de Flex, cerezo\" class=\"uag-image-1470\" width=\"887\" height=\"618\" title=\"Abatible madera 25 de Flex, cerezo\" loading=\"lazy\" role=\"img\" \/><\/figure><\/div>\n<\/div><\/div>\n\n\n\n<div class=\"wp-block-uagb-slider-child uagb-slider-child-wrap swiper-slide uagb-block-2b529b61\"><div class=\"swiper-content\">\n<div class=\"wp-block-uagb-image uagb-block-7e126eae wp-block-uagb-image--layout-default wp-block-uagb-image--effect-static wp-block-uagb-image--align-none\"><figure class=\"wp-block-uagb-image__figure\"><img decoding=\"async\" src=\"https:\/\/colchonesybases.com\/wp-content\/uploads\/2025\/05\/base-flex-abatible-madera-25-blanco-veta-02.webp\" alt=\"Abatible madera 25 de Flex, blanco veta\" class=\"uag-image-1469\" width=\"887\" height=\"618\" title=\"Abatible madera 25 de Flex, blanco veta\" loading=\"lazy\" role=\"img\" \/><\/figure><\/div>\n<\/div><\/div>\n\n\n\n<div class=\"wp-block-uagb-slider-child uagb-slider-child-wrap swiper-slide uagb-block-cd92a881\"><div class=\"swiper-content\">\n<div class=\"wp-block-uagb-image uagb-block-97490ccd wp-block-uagb-image--layout-default wp-block-uagb-image--effect-static wp-block-uagb-image--align-none\"><figure class=\"wp-block-uagb-image__figure\"><img decoding=\"async\" src=\"https:\/\/colchonesybases.com\/wp-content\/uploads\/2025\/05\/base-flex-abatible-madera-25-blanco-02.webp\" alt=\"Abatible madera 25 de Flex, blanco\" class=\"uag-image-1468\" width=\"887\" height=\"618\" title=\"Abatible madera 25 de Flex, blanco\" loading=\"lazy\" role=\"img\" \/><\/figure><\/div>\n<\/div><\/div>\n\n\n\n<div class=\"wp-block-uagb-slider-child uagb-slider-child-wrap swiper-slide uagb-block-0ad7e9f5\"><div class=\"swiper-content\">\n<div class=\"wp-block-uagb-image uagb-block-7ea8d01c wp-block-uagb-image--layout-default wp-block-uagb-image--effect-static wp-block-uagb-image--align-none\"><figure class=\"wp-block-uagb-image__figure\"><img decoding=\"async\" src=\"https:\/\/colchonesybases.com\/wp-content\/uploads\/2025\/05\/Abatible_25_6.webp\" alt=\"Abatible madera 25 de Flex, detalle del amplio espacio de almacenamiento\" class=\"uag-image-1467\" width=\"887\" height=\"618\" title=\"Abatible madera 25 de Flex, detalle del amplio espacio de almacenamiento\" loading=\"lazy\" role=\"img\" \/><\/figure><\/div>\n<\/div><\/div>\n\n\n\n<div class=\"wp-block-uagb-slider-child uagb-slider-child-wrap swiper-slide uagb-block-1d80a61c\"><div class=\"swiper-content\">\n<div class=\"wp-block-uagb-image uagb-block-bc3b8081 wp-block-uagb-image--layout-default wp-block-uagb-image--effect-static wp-block-uagb-image--align-none\"><figure class=\"wp-block-uagb-image__figure\"><img decoding=\"async\" src=\"https:\/\/colchonesybases.com\/wp-content\/uploads\/2025\/05\/Abatible_25_4.webp\" alt=\"Abatible madera 25 de Flex, abierto, vista lateral izquierda\" class=\"uag-image-1466\" width=\"887\" height=\"618\" title=\"Abatible madera 25 de Flex, abierto, vista lateral izquierda\" loading=\"lazy\" role=\"img\" \/><\/figure><\/div>\n<\/div><\/div>\n\n\n\n<div class=\"wp-block-uagb-slider-child uagb-slider-child-wrap swiper-slide uagb-block-16c0c181\"><div class=\"swiper-content\">\n<div class=\"wp-block-uagb-image uagb-block-b641d2c9 wp-block-uagb-image--layout-default wp-block-uagb-image--effect-static wp-block-uagb-image--align-none\"><figure class=\"wp-block-uagb-image__figure\"><img decoding=\"async\" src=\"https:\/\/colchonesybases.com\/wp-content\/uploads\/2025\/05\/Abatible_25_3.webp\" alt=\"Abatible madera 25 de Flex, abierto, vista frontal\" class=\"uag-image-1465\" width=\"887\" height=\"618\" title=\"Abatible madera 25 de Flex, abierto, vista frontal\" loading=\"lazy\" role=\"img\" \/><\/figure><\/div>\n<\/div><\/div>\n\n\n\n<div class=\"wp-block-uagb-slider-child uagb-slider-child-wrap swiper-slide uagb-block-0e9eb08b\"><div class=\"swiper-content\">\n<div class=\"wp-block-uagb-image uagb-block-dfeb2b1d wp-block-uagb-image--layout-default wp-block-uagb-image--effect-static wp-block-uagb-image--align-none\"><figure class=\"wp-block-uagb-image__figure\"><img decoding=\"async\" src=\"https:\/\/colchonesybases.com\/wp-content\/uploads\/2025\/05\/Abatible_25_1.webp\" alt=\"Abatible madera 25 de Flex, cerrado, vista frontal\" class=\"uag-image-1464\" width=\"887\" height=\"618\" title=\"Abatible madera 25 de Flex, cerrado, vista frontal\" loading=\"lazy\" role=\"img\" \/><\/figure><\/div>\n<\/div><\/div>\n<\/div><\/div><div class=\"swiper-pagination\"><\/div><div class=\"swiper-button-prev\"><\/div><div class=\"swiper-button-next\"><\/div><\/div>\n<\/div>\n\n\n\n<div class=\"wp-block-uagb-container uagb-layout-flex uagb-block-0cbea5a8\">\n<div class=\"wp-block-uagb-container uagb-block-383f77f0 alignfull uagb-is-root-container\"><div class=\"uagb-container-inner-blocks-wrap\">\n<h1 class=\"wp-block-heading\">Abatible Madera 25<\/h1>\n\n\n\n<p class=\"wp-block-paragraph\"><mark style=\"background-color:var(--ast-global-color-0)\" class=\"has-inline-color has-ast-global-color-4-color\">M\u00e1s vendido <\/mark><br><s>966,00\u00a0\u20ac<\/s><\/p>\n\n\n\n<h3 class=\"wp-block-heading\">Desde 434,00 \u20ac<\/h3>\n<\/div><\/div>\n<\/div>\n<\/div><\/div>\n\n\n\n<div class=\"wp-block-uagb-buttons uagb-buttons__outer-wrap uagb-btn__default-btn uagb-btn-tablet__default-btn uagb-btn-mobile__default-btn uagb-block-985982f8\"><div class=\"uagb-buttons__wrap uagb-buttons-layout-wrap\">\n<div class=\"wp-block-uagb-buttons-child uagb-buttons__outer-wrap uagb-block-7200c93b wp-block-button\"><div class=\"uagb-button__wrapper\"><a class=\"uagb-buttons-repeater wp-block-button__link\" aria-label=\"\" href=\"https:\/\/colchonesybases.com\/en\/#contacto\" rel=\"follow noopener\" target=\"_self\" role=\"button\"><div class=\"uagb-button__link\">Vaya&#8230; \u00a1Me interesa!<\/div><\/a><\/div><\/div>\n<\/div><\/div>\n\n\n\n<div class=\"wp-block-uagb-container uagb-block-85f44a51 alignfull uagb-is-root-container\"><div class=\"uagb-container-inner-blocks-wrap\">\n<h2 class=\"wp-block-heading\">\u00bfPor qu\u00e9 comprar el&nbsp;<strong>Abatible Madera 25<\/strong>?<\/h2>\n\n\n\n<h3 class=\"wp-block-heading\">La Base Canap\u00e9 Abatible Madera 25 de Flex<\/h3>\n\n\n\n<p class=\"wp-block-paragraph\">La&nbsp;<strong>base canap\u00e9 Abatible Madera 25&nbsp;<\/strong>que desde Flex ponemos a disposici\u00f3n de nuestros clientes, cuenta con una&nbsp;<strong>gran capacidad de almacenamiento,&nbsp;<\/strong>unos&nbsp;<strong>excelentes acabados&nbsp;<\/strong>and&nbsp;<strong>materiales de alta calidad.&nbsp;<\/strong>Esta opci\u00f3n es ideal para combinar elegancia, resistencia y robustez a partes iguales. Disponible en siete colores distintos para que puedas combinarla con el resto de los elementos que forman parte de tu dormitorio: natural, blanco, wengu\u00e9, cerezo, gris, blanco veta y nogal. Desde Flex ofrecemos un un transporte y montaje totalmente gratuitos.<\/p>\n\n\n\n<h4 class=\"wp-block-heading\">Caracter\u00edsticas de la base Canap\u00e9 Madera Abatible 25<\/h4>\n\n\n\n<ul class=\"wp-block-list\">\n<li><strong>Estructura:<\/strong>&nbsp;fabricado a partir de madera de alta calidad, la cual, no solo le brinda una apariencia sofisticada, sino que, adem\u00e1s, asegura su&nbsp;<strong>durabilidad&nbsp;<\/strong>a lo largo del tiempo.<\/li>\n\n\n\n<li><strong>Dise\u00f1o \u00fanico y exclusivo:<\/strong>&nbsp;tal y como hemos mencionado anteriormente, esta base abatible de 38 cm de altura y con una altura interior de 31 cm cent\u00edmetros est\u00e1 disponible en siete colores distintos. De esta forma, podr\u00e1s disfrutar de una decoraci\u00f3n acorde al resto de los elementos de tu habitaci\u00f3n, a la vez que combinas lo est\u00e9tico y lo funcional.<\/li>\n\n\n\n<li><strong>Espacio de almacenamiento extra:<\/strong>&nbsp;debajo del colch\u00f3n con el que podr\u00e1s organizar y guardar todos los objetos que no quieras que est\u00e9n a la vista. Adem\u00e1s del alto grado de funcionalidad y versatilidad que esta base ofrece, podr\u00e1s disfrutar de una robustez con la que garantizar un soporte confiable para tu colch\u00f3n.<\/li>\n<\/ul>\n\n\n\n<p class=\"wp-block-paragraph\">\u00bfQuieres cambiar tu base y comenzar a disfrutar de un soporte \u00fanico para tu colch\u00f3n? La&nbsp;<strong>base madera abatible 25&nbsp;<\/strong>te permitir\u00e1 combinar un dise\u00f1o \u00fanico y sofisticado, unos materiales de alta calidad y una robustez con la que sacarle el m\u00e1ximo partido a tu colch\u00f3n. Si tienes alguna duda, \u00a1ponte en contacto con nosotros! Desde Flex estaremos encantados de ayudarte a tomar la decisi\u00f3n que mejor se adapte a tus necesidades.<\/p>\n<\/div><\/div>\n\n\n\n<div style=\"height:30px\" aria-hidden=\"true\" class=\"wp-block-spacer\"><\/div>\n\n\n\n<div class=\"wp-block-group is-layout-constrained wp-block-group-is-layout-constrained\">\n<h2 class=\"wp-block-heading has-text-align-center\">\ud83d\ude4b\ud83c\udffb\u200d\u2642\ufe0f \u00bfTe interesa? \ud83d\ude4b\ud83c\udffb\u200d\u2640\ufe0f<\/h2>\n\n\n\n<div class=\"wp-block-uagb-buttons uagb-buttons__outer-wrap uagb-btn__default-btn uagb-btn-tablet__default-btn uagb-btn-mobile__default-btn uagb-block-985982f8\"><div class=\"uagb-buttons__wrap uagb-buttons-layout-wrap\">\n<div class=\"wp-block-uagb-buttons-child uagb-buttons__outer-wrap uagb-block-7200c93b wp-block-button\"><div class=\"uagb-button__wrapper\"><a class=\"uagb-buttons-repeater wp-block-button__link\" aria-label=\"\" href=\"https:\/\/colchonesybases.com\/en\/#contacto\" rel=\"follow noopener\" target=\"_self\" role=\"button\"><div class=\"uagb-button__link\">Contacta con nosotros<\/div><\/a><\/div><\/div>\n<\/div><\/div>\n<\/div>","protected":false},"excerpt":{"rendered":"<p>Abatible Madera 25 M\u00e1s vendido 966,00\u00a0\u20ac Desde 434,00 \u20ac \u00bfPor qu\u00e9 comprar el&nbsp;Abatible Madera 25? La Base Canap\u00e9 Abatible Madera [&hellip;]<\/p>\n","protected":false},"author":5,"featured_media":1473,"comment_status":"closed","ping_status":"closed","sticky":false,"template":"","format":"standard","meta":{"_uag_custom_page_level_css":"","site-sidebar-layout":"default","site-content-layout":"","ast-site-content-layout":"default","site-content-style":"default","site-sidebar-style":"default","ast-global-header-display":"","ast-banner-title-visibility":"","ast-main-header-display":"","ast-hfb-above-header-display":"","ast-hfb-below-header-display":"","ast-hfb-mobile-header-display":"","site-post-title":"disabled","ast-breadcrumbs-content":"","ast-featured-img":"","footer-sml-layout":"","ast-disable-related-posts":"","theme-transparent-header-meta":"","adv-header-id-meta":"","stick-header-meta":"","header-above-stick-meta":"","header-main-stick-meta":"","header-below-stick-meta":"","astra-migrate-meta-layouts":"default","ast-page-background-enabled":"default","ast-page-background-meta":{"desktop":{"background-color":"var(--ast-global-color-4)","background-image":"","background-repeat":"repeat","background-position":"center center","background-size":"auto","background-attachment":"scroll","background-type":"","background-media":"","overlay-type":"","overlay-color":"","overlay-opacity":"","overlay-gradient":""},"tablet":{"background-color":"","background-image":"","background-repeat":"repeat","background-position":"center center","background-size":"auto","background-attachment":"scroll","background-type":"","background-media":"","overlay-type":"","overlay-color":"","overlay-opacity":"","overlay-gradient":""},"mobile":{"background-color":"","background-image":"","background-repeat":"repeat","background-position":"center center","background-size":"auto","background-attachment":"scroll","background-type":"","background-media":"","overlay-type":"","overlay-color":"","overlay-opacity":"","overlay-gradient":""}},"ast-content-background-meta":{"desktop":{"background-color":"var(--ast-global-color-5)","background-image":"","background-repeat":"repeat","background-position":"center center","background-size":"auto","background-attachment":"scroll","background-type":"","background-media":"","overlay-type":"","overlay-color":"","overlay-opacity":"","overlay-gradient":""},"tablet":{"background-color":"var(--ast-global-color-5)","background-image":"","background-repeat":"repeat","background-position":"center center","background-size":"auto","background-attachment":"scroll","background-type":"","background-media":"","overlay-type":"","overlay-color":"","overlay-opacity":"","overlay-gradient":""},"mobile":{"background-color":"var(--ast-global-color-5)","background-image":"","background-repeat":"repeat","background-position":"center center","background-size":"auto","background-attachment":"scroll","background-type":"","background-media":"","overlay-type":"","overlay-color":"","overlay-opacity":"","overlay-gradient":""}},"_joinchat":{"message_text":"Hola \ud83d\udc4b\ud83c\udffb\n\u00bfQuieres saber m\u00e1s de la base Abatible Madera 25? \u00a1No tienes m\u00e1s que preguntar!","message_send":"Navegando por vuestra web, me ha interesado lo que he visto en la p\u00e1gina \"{TITLE}\"..."},"footnotes":""},"categories":[27],"tags":[],"class_list":["post-1562","post","type-post","status-publish","format-standard","has-post-thumbnail","hentry","category-bases"],"yoast_head":"<!-- This site is optimized with the Yoast SEO plugin v28.3 - https:\/\/yoast.com\/product\/yoast-seo-wordpress\/ -->\n<title>\ud83d\ude34 Abatible Madera 25 | La Boutique del Sue\u00f1o \u2022 Flex Orihuela<\/title>\n<meta name=\"description\" content=\"El abatible de madera 25 es ideal para combinar elegancia, resistencia y robustez a partes iguales. El complemento perfecto para tu colch\u00f3n.\" \/>\n<meta name=\"robots\" content=\"index, follow, max-snippet:-1, max-image-preview:large, max-video-preview:-1\" \/>\n<link rel=\"canonical\" href=\"https:\/\/colchonesybases.com\/en\/productos\/bases\/base-flex-abatible-madera-25\/\" \/>\n<meta property=\"og:locale\" content=\"en_GB\" \/>\n<meta property=\"og:type\" content=\"article\" \/>\n<meta property=\"og:title\" content=\"\ud83d\ude34 Abatible Madera 25 | La Boutique del Sue\u00f1o \u2022 Flex Orihuela\" \/>\n<meta property=\"og:description\" content=\"El abatible de madera 25 es ideal para combinar elegancia, resistencia y robustez a partes iguales. El complemento perfecto para tu colch\u00f3n.\" \/>\n<meta property=\"og:url\" content=\"https:\/\/colchonesybases.com\/en\/productos\/bases\/base-flex-abatible-madera-25\/\" \/>\n<meta property=\"og:site_name\" content=\"La Boutique del Sue\u00f1o \u2022 Flex Orihuela\" \/>\n<meta property=\"article:publisher\" content=\"https:\/\/www.facebook.com\/BoutiqueFlexOrihuela\/\" \/>\n<meta property=\"article:published_time\" content=\"2026-08-16T11:36:54+00:00\" \/>\n<meta property=\"article:modified_time\" content=\"2026-08-29T14:23:44+00:00\" \/>\n<meta property=\"og:image\" content=\"https:\/\/colchonesybases.com\/wp-content\/uploads\/2025\/05\/flex_-_abatible_mad25_gris_abierto_2t.webp\" \/>\n\t<meta property=\"og:image:width\" content=\"887\" \/>\n\t<meta property=\"og:image:height\" content=\"618\" \/>\n\t<meta property=\"og:image:type\" content=\"image\/webp\" \/>\n<meta name=\"author\" content=\"La Boutique del Sue\u00f1o\" \/>\n<meta name=\"twitter:card\" content=\"summary_large_image\" \/>\n<meta name=\"twitter:label1\" content=\"Written by\" \/>\n\t<meta name=\"twitter:data1\" content=\"La Boutique del Sue\u00f1o\" \/>\n\t<meta name=\"twitter:label2\" content=\"Estimated reading time\" \/>\n\t<meta name=\"twitter:data2\" content=\"4 minutes\" \/>\n<script type=\"application\/ld+json\" class=\"yoast-schema-graph\">{\"@context\":\"https:\\\/\\\/schema.org\",\"@graph\":[{\"@type\":\"Article\",\"@id\":\"https:\\\/\\\/colchonesybases.com\\\/productos\\\/bases\\\/base-flex-abatible-madera-25\\\/#article\",\"isPartOf\":{\"@id\":\"https:\\\/\\\/colchonesybases.com\\\/productos\\\/bases\\\/base-flex-abatible-madera-25\\\/\"},\"author\":{\"name\":\"La Boutique del Sue\u00f1o\",\"@id\":\"https:\\\/\\\/colchonesybases.com\\\/#\\\/schema\\\/person\\\/e65e94b28da462b6231959017380e108\"},\"headline\":\"Abatible Madera 25\",\"datePublished\":\"2026-08-16T11:36:54+00:00\",\"dateModified\":\"2026-08-29T14:23:44+00:00\",\"mainEntityOfPage\":{\"@id\":\"https:\\\/\\\/colchonesybases.com\\\/productos\\\/bases\\\/base-flex-abatible-madera-25\\\/\"},\"wordCount\":357,\"publisher\":{\"@id\":\"https:\\\/\\\/colchonesybases.com\\\/#organization\"},\"image\":{\"@id\":\"https:\\\/\\\/colchonesybases.com\\\/productos\\\/bases\\\/base-flex-abatible-madera-25\\\/#primaryimage\"},\"thumbnailUrl\":\"https:\\\/\\\/colchonesybases.com\\\/wp-content\\\/uploads\\\/2025\\\/05\\\/flex_-_abatible_mad25_gris_abierto_2t.webp\",\"articleSection\":[\"Bases\"],\"inLanguage\":\"en-GB\"},{\"@type\":\"WebPage\",\"@id\":\"https:\\\/\\\/colchonesybases.com\\\/productos\\\/bases\\\/base-flex-abatible-madera-25\\\/\",\"url\":\"https:\\\/\\\/colchonesybases.com\\\/productos\\\/bases\\\/base-flex-abatible-madera-25\\\/\",\"name\":\"\ud83d\ude34 Abatible Madera 25 | La Boutique del Sue\u00f1o \u2022 Flex Orihuela\",\"isPartOf\":{\"@id\":\"https:\\\/\\\/colchonesybases.com\\\/#website\"},\"primaryImageOfPage\":{\"@id\":\"https:\\\/\\\/colchonesybases.com\\\/productos\\\/bases\\\/base-flex-abatible-madera-25\\\/#primaryimage\"},\"image\":{\"@id\":\"https:\\\/\\\/colchonesybases.com\\\/productos\\\/bases\\\/base-flex-abatible-madera-25\\\/#primaryimage\"},\"thumbnailUrl\":\"https:\\\/\\\/colchonesybases.com\\\/wp-content\\\/uploads\\\/2025\\\/05\\\/flex_-_abatible_mad25_gris_abierto_2t.webp\",\"datePublished\":\"2026-08-16T11:36:54+00:00\",\"dateModified\":\"2026-08-29T14:23:44+00:00\",\"description\":\"El abatible de madera 25 es ideal para combinar elegancia, resistencia y robustez a partes iguales. El complemento perfecto para tu colch\u00f3n.\",\"breadcrumb\":{\"@id\":\"https:\\\/\\\/colchonesybases.com\\\/productos\\\/bases\\\/base-flex-abatible-madera-25\\\/#breadcrumb\"},\"inLanguage\":\"en-GB\",\"potentialAction\":[{\"@type\":\"ReadAction\",\"target\":[\"https:\\\/\\\/colchonesybases.com\\\/productos\\\/bases\\\/base-flex-abatible-madera-25\\\/\"]}]},{\"@type\":\"ImageObject\",\"inLanguage\":\"en-GB\",\"@id\":\"https:\\\/\\\/colchonesybases.com\\\/productos\\\/bases\\\/base-flex-abatible-madera-25\\\/#primaryimage\",\"url\":\"https:\\\/\\\/colchonesybases.com\\\/wp-content\\\/uploads\\\/2025\\\/05\\\/flex_-_abatible_mad25_gris_abierto_2t.webp\",\"contentUrl\":\"https:\\\/\\\/colchonesybases.com\\\/wp-content\\\/uploads\\\/2025\\\/05\\\/flex_-_abatible_mad25_gris_abierto_2t.webp\",\"width\":887,\"height\":618,\"caption\":\"Abatible madera 25 de Flex, gris, abierto\"},{\"@type\":\"BreadcrumbList\",\"@id\":\"https:\\\/\\\/colchonesybases.com\\\/productos\\\/bases\\\/base-flex-abatible-madera-25\\\/#breadcrumb\",\"itemListElement\":[{\"@type\":\"ListItem\",\"position\":1,\"name\":\"Inicio\",\"item\":\"https:\\\/\\\/colchonesybases.com\\\/\"},{\"@type\":\"ListItem\",\"position\":2,\"name\":\"Productos\",\"item\":\"https:\\\/\\\/colchonesybases.com\\\/categoria\\\/productos\\\/\"},{\"@type\":\"ListItem\",\"position\":3,\"name\":\"Bases\",\"item\":\"https:\\\/\\\/colchonesybases.com\\\/categoria\\\/productos\\\/bases\\\/\"},{\"@type\":\"ListItem\",\"position\":4,\"name\":\"Abatible Madera 25\"}]},{\"@type\":\"WebSite\",\"@id\":\"https:\\\/\\\/colchonesybases.com\\\/#website\",\"url\":\"https:\\\/\\\/colchonesybases.com\\\/\",\"name\":\"La Boutique del Sue\u00f1o\",\"description\":\"\ud83d\ude34La Boutique del Sue\u00f1o | Flex Orihuela | Los mejores equipos de descanso, colchones y bases\",\"publisher\":{\"@id\":\"https:\\\/\\\/colchonesybases.com\\\/#organization\"},\"alternateName\":\"Flex Orihuela\",\"potentialAction\":[{\"@type\":\"SearchAction\",\"target\":{\"@type\":\"EntryPoint\",\"urlTemplate\":\"https:\\\/\\\/colchonesybases.com\\\/?s={search_term_string}\"},\"query-input\":{\"@type\":\"PropertyValueSpecification\",\"valueRequired\":true,\"valueName\":\"search_term_string\"}}],\"inLanguage\":\"en-GB\"},{\"@type\":\"Organization\",\"@id\":\"https:\\\/\\\/colchonesybases.com\\\/#organization\",\"name\":\"La Boutique del Sue\u00f1o SL\",\"alternateName\":\"La Boutique del Sue\u00f1o\",\"url\":\"https:\\\/\\\/colchonesybases.com\\\/\",\"logo\":{\"@type\":\"ImageObject\",\"inLanguage\":\"en-GB\",\"@id\":\"https:\\\/\\\/colchonesybases.com\\\/#\\\/schema\\\/logo\\\/image\\\/\",\"url\":\"https:\\\/\\\/colchonesybases.com\\\/wp-content\\\/uploads\\\/2024\\\/02\\\/perfil-flex-lbds-ancho-orihuela.png\",\"contentUrl\":\"https:\\\/\\\/colchonesybases.com\\\/wp-content\\\/uploads\\\/2024\\\/02\\\/perfil-flex-lbds-ancho-orihuela.png\",\"width\":800,\"height\":800,\"caption\":\"La Boutique del Sue\u00f1o SL\"},\"image\":{\"@id\":\"https:\\\/\\\/colchonesybases.com\\\/#\\\/schema\\\/logo\\\/image\\\/\"},\"sameAs\":[\"https:\\\/\\\/www.facebook.com\\\/BoutiqueFlexOrihuela\\\/\",\"https:\\\/\\\/www.instagram.com\\\/laboutiquedelsueno\\\/\"]},{\"@type\":\"Person\",\"@id\":\"https:\\\/\\\/colchonesybases.com\\\/#\\\/schema\\\/person\\\/e65e94b28da462b6231959017380e108\",\"name\":\"La Boutique del Sue\u00f1o\",\"image\":{\"@type\":\"ImageObject\",\"inLanguage\":\"en-GB\",\"@id\":\"https:\\\/\\\/colchonesybases.com\\\/wp-content\\\/litespeed\\\/avatar\\\/d7c842d4ef11fda8615db0b55e10fa7b.jpg?ver=1788528054\",\"url\":\"https:\\\/\\\/colchonesybases.com\\\/wp-content\\\/litespeed\\\/avatar\\\/d7c842d4ef11fda8615db0b55e10fa7b.jpg?ver=1788528054\",\"contentUrl\":\"https:\\\/\\\/colchonesybases.com\\\/wp-content\\\/litespeed\\\/avatar\\\/d7c842d4ef11fda8615db0b55e10fa7b.jpg?ver=1788528054\",\"caption\":\"La Boutique del Sue\u00f1o\"},\"description\":\"La Boutique del Sue\u00f1o es la tienda de descanso de la familia Meseguer, en la calle San Agust\u00edn de Orihuela. Distribuidores oficiales de Flex en Orihuela y la Vega Baja desde hace m\u00e1s de 60 a\u00f1os, tres generaciones y m\u00e1s de 9.000 colchones vendidos. Lo que escribimos aqu\u00ed sale de asesorar en la tienda todos los d\u00edas, no de un cat\u00e1logo.\"}]}<\/script>\n<!-- \/ Yoast SEO plugin. -->","yoast_head_json":{"title":"\ud83d\ude34 Abatible Madera 25 | La Boutique del Sue\u00f1o \u2022 Flex Orihuela","description":"El abatible de madera 25 es ideal para combinar elegancia, resistencia y robustez a partes iguales. El complemento perfecto para tu colch\u00f3n.","robots":{"index":"index","follow":"follow","max-snippet":"max-snippet:-1","max-image-preview":"max-image-preview:large","max-video-preview":"max-video-preview:-1"},"canonical":"https:\/\/colchonesybases.com\/en\/productos\/bases\/base-flex-abatible-madera-25\/","og_locale":"en_GB","og_type":"article","og_title":"\ud83d\ude34 Abatible Madera 25 | La Boutique del Sue\u00f1o \u2022 Flex Orihuela","og_description":"El abatible de madera 25 es ideal para combinar elegancia, resistencia y robustez a partes iguales. El complemento perfecto para tu colch\u00f3n.","og_url":"https:\/\/colchonesybases.com\/en\/productos\/bases\/base-flex-abatible-madera-25\/","og_site_name":"La Boutique del Sue\u00f1o \u2022 Flex Orihuela","article_publisher":"https:\/\/www.facebook.com\/BoutiqueFlexOrihuela\/","article_published_time":"2026-08-16T11:36:54+00:00","article_modified_time":"2026-08-29T14:23:44+00:00","og_image":[{"width":887,"height":618,"url":"https:\/\/colchonesybases.com\/wp-content\/uploads\/2025\/05\/flex_-_abatible_mad25_gris_abierto_2t.webp","type":"image\/webp"}],"author":"La Boutique del Sue\u00f1o","twitter_card":"summary_large_image","twitter_misc":{"Written by":"La Boutique del Sue\u00f1o","Estimated reading time":"4 minutes"},"schema":{"@context":"https:\/\/schema.org","@graph":[{"@type":"Article","@id":"https:\/\/colchonesybases.com\/productos\/bases\/base-flex-abatible-madera-25\/#article","isPartOf":{"@id":"https:\/\/colchonesybases.com\/productos\/bases\/base-flex-abatible-madera-25\/"},"author":{"name":"La Boutique del Sue\u00f1o","@id":"https:\/\/colchonesybases.com\/#\/schema\/person\/e65e94b28da462b6231959017380e108"},"headline":"Abatible Madera 25","datePublished":"2026-08-16T11:36:54+00:00","dateModified":"2026-08-29T14:23:44+00:00","mainEntityOfPage":{"@id":"https:\/\/colchonesybases.com\/productos\/bases\/base-flex-abatible-madera-25\/"},"wordCount":357,"publisher":{"@id":"https:\/\/colchonesybases.com\/#organization"},"image":{"@id":"https:\/\/colchonesybases.com\/productos\/bases\/base-flex-abatible-madera-25\/#primaryimage"},"thumbnailUrl":"https:\/\/colchonesybases.com\/wp-content\/uploads\/2025\/05\/flex_-_abatible_mad25_gris_abierto_2t.webp","articleSection":["Bases"],"inLanguage":"en-GB"},{"@type":"WebPage","@id":"https:\/\/colchonesybases.com\/productos\/bases\/base-flex-abatible-madera-25\/","url":"https:\/\/colchonesybases.com\/productos\/bases\/base-flex-abatible-madera-25\/","name":"\ud83d\ude34 Abatible Madera 25 | La Boutique del Sue\u00f1o \u2022 Flex Orihuela","isPartOf":{"@id":"https:\/\/colchonesybases.com\/#website"},"primaryImageOfPage":{"@id":"https:\/\/colchonesybases.com\/productos\/bases\/base-flex-abatible-madera-25\/#primaryimage"},"image":{"@id":"https:\/\/colchonesybases.com\/productos\/bases\/base-flex-abatible-madera-25\/#primaryimage"},"thumbnailUrl":"https:\/\/colchonesybases.com\/wp-content\/uploads\/2025\/05\/flex_-_abatible_mad25_gris_abierto_2t.webp","datePublished":"2026-08-16T11:36:54+00:00","dateModified":"2026-08-29T14:23:44+00:00","description":"El abatible de madera 25 es ideal para combinar elegancia, resistencia y robustez a partes iguales. El complemento perfecto para tu colch\u00f3n.","breadcrumb":{"@id":"https:\/\/colchonesybases.com\/productos\/bases\/base-flex-abatible-madera-25\/#breadcrumb"},"inLanguage":"en-GB","potentialAction":[{"@type":"ReadAction","target":["https:\/\/colchonesybases.com\/productos\/bases\/base-flex-abatible-madera-25\/"]}]},{"@type":"ImageObject","inLanguage":"en-GB","@id":"https:\/\/colchonesybases.com\/productos\/bases\/base-flex-abatible-madera-25\/#primaryimage","url":"https:\/\/colchonesybases.com\/wp-content\/uploads\/2025\/05\/flex_-_abatible_mad25_gris_abierto_2t.webp","contentUrl":"https:\/\/colchonesybases.com\/wp-content\/uploads\/2025\/05\/flex_-_abatible_mad25_gris_abierto_2t.webp","width":887,"height":618,"caption":"Abatible madera 25 de Flex, gris, abierto"},{"@type":"BreadcrumbList","@id":"https:\/\/colchonesybases.com\/productos\/bases\/base-flex-abatible-madera-25\/#breadcrumb","itemListElement":[{"@type":"ListItem","position":1,"name":"Inicio","item":"https:\/\/colchonesybases.com\/"},{"@type":"ListItem","position":2,"name":"Productos","item":"https:\/\/colchonesybases.com\/categoria\/productos\/"},{"@type":"ListItem","position":3,"name":"Bases","item":"https:\/\/colchonesybases.com\/categoria\/productos\/bases\/"},{"@type":"ListItem","position":4,"name":"Abatible Madera 25"}]},{"@type":"WebSite","@id":"https:\/\/colchonesybases.com\/#website","url":"https:\/\/colchonesybases.com\/","name":"La Boutique del Sue\u00f1o","description":"\ud83d\ude34La Boutique del Sue\u00f1o | Flex Orihuela | Los mejores equipos de descanso, colchones y bases","publisher":{"@id":"https:\/\/colchonesybases.com\/#organization"},"alternateName":"Flex Orihuela","potentialAction":[{"@type":"SearchAction","target":{"@type":"EntryPoint","urlTemplate":"https:\/\/colchonesybases.com\/?s={search_term_string}"},"query-input":{"@type":"PropertyValueSpecification","valueRequired":true,"valueName":"search_term_string"}}],"inLanguage":"en-GB"},{"@type":"Organization","@id":"https:\/\/colchonesybases.com\/#organization","name":"La Boutique del Sue\u00f1o SL","alternateName":"La Boutique del Sue\u00f1o","url":"https:\/\/colchonesybases.com\/","logo":{"@type":"ImageObject","inLanguage":"en-GB","@id":"https:\/\/colchonesybases.com\/#\/schema\/logo\/image\/","url":"https:\/\/colchonesybases.com\/wp-content\/uploads\/2024\/02\/perfil-flex-lbds-ancho-orihuela.png","contentUrl":"https:\/\/colchonesybases.com\/wp-content\/uploads\/2024\/02\/perfil-flex-lbds-ancho-orihuela.png","width":800,"height":800,"caption":"La Boutique del Sue\u00f1o SL"},"image":{"@id":"https:\/\/colchonesybases.com\/#\/schema\/logo\/image\/"},"sameAs":["https:\/\/www.facebook.com\/BoutiqueFlexOrihuela\/","https:\/\/www.instagram.com\/laboutiquedelsueno\/"]},{"@type":"Person","@id":"https:\/\/colchonesybases.com\/#\/schema\/person\/e65e94b28da462b6231959017380e108","name":"La Boutique del Sue\u00f1o","image":{"@type":"ImageObject","inLanguage":"en-GB","@id":"https:\/\/colchonesybases.com\/wp-content\/litespeed\/avatar\/d7c842d4ef11fda8615db0b55e10fa7b.jpg?ver=1788528054","url":"https:\/\/colchonesybases.com\/wp-content\/litespeed\/avatar\/d7c842d4ef11fda8615db0b55e10fa7b.jpg?ver=1788528054","contentUrl":"https:\/\/colchonesybases.com\/wp-content\/litespeed\/avatar\/d7c842d4ef11fda8615db0b55e10fa7b.jpg?ver=1788528054","caption":"La Boutique del Sue\u00f1o"},"description":"La Boutique del Sue\u00f1o es la tienda de descanso de la familia Meseguer, en la calle San Agust\u00edn de Orihuela. Distribuidores oficiales de Flex en Orihuela y la Vega Baja desde hace m\u00e1s de 60 a\u00f1os, tres generaciones y m\u00e1s de 9.000 colchones vendidos. Lo que escribimos aqu\u00ed sale de asesorar en la tienda todos los d\u00edas, no de un cat\u00e1logo."}]}},"uagb_featured_image_src":{"full":["https:\/\/colchonesybases.com\/wp-content\/uploads\/2025\/05\/flex_-_abatible_mad25_gris_abierto_2t.webp",887,618,false],"thumbnail":["https:\/\/colchonesybases.com\/wp-content\/uploads\/2025\/05\/flex_-_abatible_mad25_gris_abierto_2t-150x150.webp",150,150,true],"medium":["https:\/\/colchonesybases.com\/wp-content\/uploads\/2025\/05\/flex_-_abatible_mad25_gris_abierto_2t-300x209.webp",300,209,true],"medium_large":["https:\/\/colchonesybases.com\/wp-content\/uploads\/2025\/05\/flex_-_abatible_mad25_gris_abierto_2t-768x535.webp",768,535,true],"large":["https:\/\/colchonesybases.com\/wp-content\/uploads\/2025\/05\/flex_-_abatible_mad25_gris_abierto_2t.webp",887,618,false],"1536x1536":["https:\/\/colchonesybases.com\/wp-content\/uploads\/2025\/05\/flex_-_abatible_mad25_gris_abierto_2t.webp",887,618,false],"2048x2048":["https:\/\/colchonesybases.com\/wp-content\/uploads\/2025\/05\/flex_-_abatible_mad25_gris_abierto_2t.webp",887,618,false],"trp-custom-language-flag":["https:\/\/colchonesybases.com\/wp-content\/uploads\/2025\/05\/flex_-_abatible_mad25_gris_abierto_2t-18x12.webp",18,12,true]},"uagb_author_info":{"display_name":"La Boutique del Sue\u00f1o","author_link":"https:\/\/colchonesybases.com\/en\/author\/lbds_autor\/"},"uagb_comment_info":0,"uagb_excerpt":"Abatible Madera 25 M\u00e1s vendido 966,00\u00a0\u20ac Desde 434,00 \u20ac \u00bfPor qu\u00e9 comprar el&nbsp;Abatible Madera 25? La Base Canap\u00e9 Abatible Madera [&hellip;]","_links":{"self":[{"href":"https:\/\/colchonesybases.com\/en\/wp-json\/wp\/v2\/posts\/1562","targetHints":{"allow":["GET"]}}],"collection":[{"href":"https:\/\/colchonesybases.com\/en\/wp-json\/wp\/v2\/posts"}],"about":[{"href":"https:\/\/colchonesybases.com\/en\/wp-json\/wp\/v2\/types\/post"}],"author":[{"embeddable":true,"href":"https:\/\/colchonesybases.com\/en\/wp-json\/wp\/v2\/users\/5"}],"replies":[{"embeddable":true,"href":"https:\/\/colchonesybases.com\/en\/wp-json\/wp\/v2\/comments?post=1562"}],"version-history":[{"count":1,"href":"https:\/\/colchonesybases.com\/en\/wp-json\/wp\/v2\/posts\/1562\/revisions"}],"predecessor-version":[{"id":1576,"href":"https:\/\/colchonesybases.com\/en\/wp-json\/wp\/v2\/posts\/1562\/revisions\/1576"}],"wp:attachment":[{"href":"https:\/\/colchonesybases.com\/en\/wp-json\/wp\/v2\/media?parent=1562"}],"wp:term":[{"taxonomy":"category","embeddable":true,"href":"https:\/\/colchonesybases.com\/en\/wp-json\/wp\/v2\/categories?post=1562"},{"taxonomy":"post_tag","embeddable":true,"href":"https:\/\/colchonesybases.com\/en\/wp-json\/wp\/v2\/tags?post=1562"}],"curies":[{"name":"wp","href":"https:\/\/api.w.org\/{rel}","templated":true}]}}